{"id":1998,"date":"2025-09-23T12:19:18","date_gmt":"2025-09-23T15:19:18","guid":{"rendered":"https:\/\/multimediosantafe.com\/?p=1998"},"modified":"2025-09-23T12:19:19","modified_gmt":"2025-09-23T15:19:19","slug":"reconquista-invita","status":"publish","type":"post","link":"https:\/\/multimediosantafe.com\/?p=1998","title":{"rendered":"Reconquista invita\u00a0"},"content":{"rendered":"\n<p class=\"wp-block-paragraph\"><strong>A la inauguraci\u00f3n del proyecto \u201cLa traves\u00eda del sauce criollo\u201d<\/strong><\/p>\n\n\n\n<!--more-->\n\n\n\n<p class=\"wp-block-paragraph\">El pr\u00f3ximo s\u00e1bado 27 de septiembre, desde a las 17:00<strong>&nbsp;<\/strong>y en el marco del Programa Provincial&nbsp;<strong>\u201c<\/strong>C\u00f3digo Ciencia\u201d, se llevar\u00e1 a cabo en el Paseo del Bicentenario la inauguraci\u00f3n del proyecto \u201cLa traves\u00eda del sauce criollo\u201d.<\/p>\n\n\n\n<p class=\"wp-block-paragraph\">La propuesta incluye la colocaci\u00f3n de una escultura de Sauce Criollo construida a base de materiales reciclados, la cual ser\u00e1 presentada con palabras alusivas del arquitecto y artista creador de la obra.<\/p>\n\n\n\n<p class=\"wp-block-paragraph\">Adem\u00e1s, se desarrollar\u00e1n actividades culturales coordinadas por la Secretar\u00eda de Cultura y actividades artesanales impulsadas desde el \u00c1rea de Econom\u00eda Social, en una jornada pensada para disfrutar en familia y con amigos.<\/p>\n\n\n\n<hr class=\"wp-block-separator has-alpha-channel-opacity\"\/>\n\n\n\n<h3 class=\"wp-block-heading\">Talleres de concientizaci\u00f3n y educaci\u00f3n ambiental<\/h3>\n\n\n\n<p class=\"wp-block-paragraph\">Como parte complementaria del proyecto \u201cLa traves\u00eda del sauce criollo\u201d, los d\u00edas 29 y 30 de septiembre, y 1 de octubre, se realizar\u00e1n talleres de concientizaci\u00f3n y educaci\u00f3n ambiental dirigidos a escuelas primarias, secundarias y otras instituciones de la ciudad de Reconquista, con el objetivo de seguir fortaleciendo la conciencia ambiental y el compromiso ciudadano.<\/p>\n\n\n\n<p class=\"wp-block-paragraph\">La Municipalidad de Reconquista invita a&nbsp;<strong>toda la co<\/strong>m<strong>unidad<\/strong>&nbsp;a participar de este encuentro que combina arte, cultura, ambiente y participaci\u00f3n ciudadana.<\/p>\n","protected":false},"excerpt":{"rendered":"<p>A la inauguraci\u00f3n del proyecto \u201cLa traves\u00eda del sauce criollo\u201d<\/p>\n","protected":false},"author":1,"featured_media":2000,"comment_status":"open","ping_status":"open","sticky":false,"template":"","format":"standard","meta":{"colormag_page_layout":"default_layout","footnotes":"","jetpack_publicize_message":"","jetpack_publicize_feature_enabled":true,"jetpack_social_post_already_shared":true,"jetpack_social_options":{"image_generator_settings":{"template":"highway","default_image_id":0,"font":"","enabled":false},"version":2}},"categories":[6,1,8],"tags":[],"class_list":["post-1998","post","type-post","status-publish","format-standard","has-post-thumbnail","hentry","category-destacadas","category-noticias-reginales","category-principales"],"magazineBlocksPostFeaturedMedia":{"thumbnail":"https:\/\/multimediosantafe.com\/wp-content\/uploads\/2025\/09\/imagen_optimizada_latest-150x150.jpg","medium":"https:\/\/multimediosantafe.com\/wp-content\/uploads\/2025\/09\/imagen_optimizada_latest-300x166.jpg","medium_large":"https:\/\/multimediosantafe.com\/wp-content\/uploads\/2025\/09\/imagen_optimizada_latest.jpg","large":"https:\/\/multimediosantafe.com\/wp-content\/uploads\/2025\/09\/imagen_optimizada_latest.jpg","1536x1536":"https:\/\/multimediosantafe.com\/wp-content\/uploads\/2025\/09\/imagen_optimizada_latest.jpg","2048x2048":"https:\/\/multimediosantafe.com\/wp-content\/uploads\/2025\/09\/imagen_optimizada_latest.jpg","colormag-highlighted-post":"https:\/\/multimediosantafe.com\/wp-content\/uploads\/2025\/09\/imagen_optimizada_latest-392x272.jpg","colormag-featured-post-medium":"https:\/\/multimediosantafe.com\/wp-content\/uploads\/2025\/09\/imagen_optimizada_latest-390x205.jpg","colormag-featured-post-small":"https:\/\/multimediosantafe.com\/wp-content\/uploads\/2025\/09\/imagen_optimizada_latest-130x90.jpg","colormag-featured-image":"https:\/\/multimediosantafe.com\/wp-content\/uploads\/2025\/09\/imagen_optimizada_latest.jpg","colormag-default-news":"https:\/\/multimediosantafe.com\/wp-content\/uploads\/2025\/09\/imagen_optimizada_latest-150x150.jpg","colormag-featured-image-large":"https:\/\/multimediosantafe.com\/wp-content\/uploads\/2025\/09\/imagen_optimizada_latest.jpg"},"magazineBlocksPostAuthor":{"name":"c2361096","avatar":"https:\/\/secure.gravatar.com\/avatar\/c9b69b8d46048ffabc7126f156fc23808d4ba33db83f5770727932885f259164?s=96&d=mm&r=g"},"magazineBlocksPostCommentsNumber":"0","magazineBlocksPostExcerpt":"A la inauguraci\u00f3n del proyecto \u201cLa traves\u00eda del sauce criollo\u201d","magazineBlocksPostCategories":["Destacadas","Noticias Regionales","Principales"],"magazineBlocksPostViewCount":76,"magazineBlocksPostReadTime":2,"magazine_blocks_featured_image_url":{"full":["https:\/\/multimediosantafe.com\/wp-content\/uploads\/2025\/09\/imagen_optimizada_latest.jpg",631,350,false],"medium":["https:\/\/multimediosantafe.com\/wp-content\/uploads\/2025\/09\/imagen_optimizada_latest-300x166.jpg",300,166,true],"thumbnail":["https:\/\/multimediosantafe.com\/wp-content\/uploads\/2025\/09\/imagen_optimizada_latest-150x150.jpg",150,150,true]},"magazine_blocks_author":{"display_name":"c2361096","author_link":"https:\/\/multimediosantafe.com\/?author=1"},"magazine_blocks_comment":0,"magazine_blocks_author_image":"https:\/\/secure.gravatar.com\/avatar\/c9b69b8d46048ffabc7126f156fc23808d4ba33db83f5770727932885f259164?s=96&d=mm&r=g","magazine_blocks_category":"<a href=\"https:\/\/multimediosantafe.com\/?cat=6\" rel=\"category\">Destacadas<\/a> <a href=\"https:\/\/multimediosantafe.com\/?cat=1\" rel=\"category\">Noticias Regionales<\/a> <a href=\"https:\/\/multimediosantafe.com\/?cat=8\" rel=\"category\">Principales<\/a>","jetpack_publicize_connections":[],"_links":{"self":[{"href":"https:\/\/multimediosantafe.com\/index.php?rest_route=\/wp\/v2\/posts\/1998","targetHints":{"allow":["GET"]}}],"collection":[{"href":"https:\/\/multimediosantafe.com\/index.php?rest_route=\/wp\/v2\/posts"}],"about":[{"href":"https:\/\/multimediosantafe.com\/index.php?rest_route=\/wp\/v2\/types\/post"}],"author":[{"embeddable":true,"href":"https:\/\/multimediosantafe.com\/index.php?rest_route=\/wp\/v2\/users\/1"}],"replies":[{"embeddable":true,"href":"https:\/\/multimediosantafe.com\/index.php?rest_route=%2Fwp%2Fv2%2Fcomments&post=1998"}],"version-history":[{"count":1,"href":"https:\/\/multimediosantafe.com\/index.php?rest_route=\/wp\/v2\/posts\/1998\/revisions"}],"predecessor-version":[{"id":2001,"href":"https:\/\/multimediosantafe.com\/index.php?rest_route=\/wp\/v2\/posts\/1998\/revisions\/2001"}],"wp:featuredmedia":[{"embeddable":true,"href":"https:\/\/multimediosantafe.com\/index.php?rest_route=\/wp\/v2\/media\/2000"}],"wp:attachment":[{"href":"https:\/\/multimediosantafe.com\/index.php?rest_route=%2Fwp%2Fv2%2Fmedia&parent=1998"}],"wp:term":[{"taxonomy":"category","embeddable":true,"href":"https:\/\/multimediosantafe.com\/index.php?rest_route=%2Fwp%2Fv2%2Fcategories&post=1998"},{"taxonomy":"post_tag","embeddable":true,"href":"https:\/\/multimediosantafe.com\/index.php?rest_route=%2Fwp%2Fv2%2Ftags&post=1998"}],"curies":[{"name":"wp","href":"https:\/\/api.w.org\/{rel}","templated":true}]}}