{"id":1982,"date":"2025-09-15T16:03:07","date_gmt":"2025-09-15T19:03:07","guid":{"rendered":"https:\/\/multimediosantafe.com\/?p=1982"},"modified":"2025-09-15T16:03:08","modified_gmt":"2025-09-15T19:03:08","slug":"duplantis-rompio-su-propio-record-y-se-consagro-tricampeon-mundial-de-atletismo","status":"publish","type":"post","link":"https:\/\/multimediosantafe.com\/?p=1982","title":{"rendered":"Duplantis rompi\u00f3 su propio r\u00e9cord y se consagr\u00f3 tricampe\u00f3n mundial de atletismo"},"content":{"rendered":"\n<p class=\"wp-block-paragraph\">El atleta sueco sigue haciendo historia en el salto con p\u00e9rtiga.<\/p>\n\n\n\n<!--more-->\n\n\n\n<p class=\"wp-block-paragraph\">El estadounidense nacionalizado sueco,&nbsp;<strong>Armand Duplantis, se consagr\u00f3 campe\u00f3n mundial de atletismo por tercera vez consecutiva<\/strong>&nbsp;rompiendo el&nbsp;<strong>r\u00e9cord vigente hasta ahora, de 6.29 metros, con 6,30.<\/strong><\/p>\n\n\n\n<p class=\"wp-block-paragraph\">Sin lugar a duda, el nacido en Luisiana hace 25 a\u00f1os&nbsp;<strong>se convirti\u00f3 en una leyenda viva del atletismo&nbsp;<\/strong>y este lunes ratific\u00f3 dicha condici\u00f3n al consagrarse&nbsp;<strong>campe\u00f3n mundial por tercera vez consecutiva&nbsp;<\/strong>en el estadio Nacional de Tokio, Jap\u00f3n.<\/p>\n\n\n\n<p class=\"wp-block-paragraph\">Si bien ya de por s\u00ed es un hito el tricampeonato, este en el pa\u00eds asi\u00e1tico quedar\u00e1 en la historia como la consagraci\u00f3n en la que&nbsp;<strong>Duplantis rompi\u00f3 el r\u00e9cord mundial de salto con p\u00e9rtiga.<\/strong>&nbsp;La&nbsp;<strong>marca anterior era de 6,29 metros y ahora ser\u00e1 de 6,30<\/strong>, siendo la decimocuarta vez que el sueco quiebra su registro.<\/p>\n\n\n\n<p class=\"wp-block-paragraph\">Duplantis&nbsp;<strong>logr\u00f3 conseguir este r\u00e9cord en su tercer y \u00faltimo intento<\/strong>&nbsp;tras dos oportunidades en las que estuvo cerca de concretarlo. El atleta sueco domin\u00f3 la prueba sin problemas y&nbsp;<strong>se asegur\u00f3 la victoria con la marca de 6,15 metros.<\/strong><\/p>\n\n\n\n<p class=\"wp-block-paragraph\">El griego<strong>&nbsp;Emmanouil Karalis qued\u00f3 segundo con su marca de 6 metros<\/strong>, sin poder superar varios intentos posteriores hasta probar en 6,20.<\/p>\n\n\n\n<p class=\"wp-block-paragraph\">As\u00ed, el atleta de 25 a\u00f1os<strong>&nbsp;lleva 34 competiciones conquistadas y es la cuarta vez en el a\u00f1o que rompe su r\u00e9cord mundial.&nbsp;<\/strong><\/p>\n","protected":false},"excerpt":{"rendered":"<p>El atleta sueco sigue haciendo historia en el salto con p\u00e9rtiga.<\/p>\n","protected":false},"author":1,"featured_media":1983,"comment_status":"open","ping_status":"open","sticky":false,"template":"","format":"standard","meta":{"colormag_page_layout":"default_layout","footnotes":"","jetpack_publicize_message":"","jetpack_publicize_feature_enabled":true,"jetpack_social_post_already_shared":true,"jetpack_social_options":{"image_generator_settings":{"template":"highway","default_image_id":0,"font":"","enabled":false},"version":2}},"categories":[14,6],"tags":[],"class_list":["post-1982","post","type-post","status-publish","format-standard","has-post-thumbnail","hentry","category-deportes","category-destacadas"],"magazineBlocksPostFeaturedMedia":{"thumbnail":"https:\/\/multimediosantafe.com\/wp-content\/uploads\/2025\/09\/atleta_128mb-150x150.jpg","medium":"https:\/\/multimediosantafe.com\/wp-content\/uploads\/2025\/09\/atleta_128mb-300x169.jpg","medium_large":"https:\/\/multimediosantafe.com\/wp-content\/uploads\/2025\/09\/atleta_128mb-768x431.jpg","large":"https:\/\/multimediosantafe.com\/wp-content\/uploads\/2025\/09\/atleta_128mb-1024x575.jpg","1536x1536":"https:\/\/multimediosantafe.com\/wp-content\/uploads\/2025\/09\/atleta_128mb.jpg","2048x2048":"https:\/\/multimediosantafe.com\/wp-content\/uploads\/2025\/09\/atleta_128mb.jpg","colormag-highlighted-post":"https:\/\/multimediosantafe.com\/wp-content\/uploads\/2025\/09\/atleta_128mb-392x272.jpg","colormag-featured-post-medium":"https:\/\/multimediosantafe.com\/wp-content\/uploads\/2025\/09\/atleta_128mb-390x205.jpg","colormag-featured-post-small":"https:\/\/multimediosantafe.com\/wp-content\/uploads\/2025\/09\/atleta_128mb-130x90.jpg","colormag-featured-image":"https:\/\/multimediosantafe.com\/wp-content\/uploads\/2025\/09\/atleta_128mb-800x445.jpg","colormag-default-news":"https:\/\/multimediosantafe.com\/wp-content\/uploads\/2025\/09\/atleta_128mb-150x150.jpg","colormag-featured-image-large":"https:\/\/multimediosantafe.com\/wp-content\/uploads\/2025\/09\/atleta_128mb-1200x600.jpg"},"magazineBlocksPostAuthor":{"name":"c2361096","avatar":"https:\/\/secure.gravatar.com\/avatar\/c9b69b8d46048ffabc7126f156fc23808d4ba33db83f5770727932885f259164?s=96&d=mm&r=g"},"magazineBlocksPostCommentsNumber":"0","magazineBlocksPostExcerpt":"El atleta sueco sigue haciendo historia en el salto con p\u00e9rtiga.","magazineBlocksPostCategories":["Deportes","Destacadas"],"magazineBlocksPostViewCount":123,"magazineBlocksPostReadTime":2,"magazine_blocks_featured_image_url":{"full":["https:\/\/multimediosantafe.com\/wp-content\/uploads\/2025\/09\/atleta_128mb.jpg",1200,674,false],"medium":["https:\/\/multimediosantafe.com\/wp-content\/uploads\/2025\/09\/atleta_128mb-300x169.jpg",300,169,true],"thumbnail":["https:\/\/multimediosantafe.com\/wp-content\/uploads\/2025\/09\/atleta_128mb-150x150.jpg",150,150,true]},"magazine_blocks_author":{"display_name":"c2361096","author_link":"https:\/\/multimediosantafe.com\/?author=1"},"magazine_blocks_comment":0,"magazine_blocks_author_image":"https:\/\/secure.gravatar.com\/avatar\/c9b69b8d46048ffabc7126f156fc23808d4ba33db83f5770727932885f259164?s=96&d=mm&r=g","magazine_blocks_category":"<a href=\"https:\/\/multimediosantafe.com\/?cat=14\" rel=\"category\">Deportes<\/a> <a href=\"https:\/\/multimediosantafe.com\/?cat=6\" rel=\"category\">Destacadas<\/a>","jetpack_publicize_connections":[],"_links":{"self":[{"href":"https:\/\/multimediosantafe.com\/index.php?rest_route=\/wp\/v2\/posts\/1982","targetHints":{"allow":["GET"]}}],"collection":[{"href":"https:\/\/multimediosantafe.com\/index.php?rest_route=\/wp\/v2\/posts"}],"about":[{"href":"https:\/\/multimediosantafe.com\/index.php?rest_route=\/wp\/v2\/types\/post"}],"author":[{"embeddable":true,"href":"https:\/\/multimediosantafe.com\/index.php?rest_route=\/wp\/v2\/users\/1"}],"replies":[{"embeddable":true,"href":"https:\/\/multimediosantafe.com\/index.php?rest_route=%2Fwp%2Fv2%2Fcomments&post=1982"}],"version-history":[{"count":1,"href":"https:\/\/multimediosantafe.com\/index.php?rest_route=\/wp\/v2\/posts\/1982\/revisions"}],"predecessor-version":[{"id":1984,"href":"https:\/\/multimediosantafe.com\/index.php?rest_route=\/wp\/v2\/posts\/1982\/revisions\/1984"}],"wp:featuredmedia":[{"embeddable":true,"href":"https:\/\/multimediosantafe.com\/index.php?rest_route=\/wp\/v2\/media\/1983"}],"wp:attachment":[{"href":"https:\/\/multimediosantafe.com\/index.php?rest_route=%2Fwp%2Fv2%2Fmedia&parent=1982"}],"wp:term":[{"taxonomy":"category","embeddable":true,"href":"https:\/\/multimediosantafe.com\/index.php?rest_route=%2Fwp%2Fv2%2Fcategories&post=1982"},{"taxonomy":"post_tag","embeddable":true,"href":"https:\/\/multimediosantafe.com\/index.php?rest_route=%2Fwp%2Fv2%2Ftags&post=1982"}],"curies":[{"name":"wp","href":"https:\/\/api.w.org\/{rel}","templated":true}]}}