{"id":1972,"date":"2025-09-15T15:40:15","date_gmt":"2025-09-15T18:40:15","guid":{"rendered":"https:\/\/multimediosantafe.com\/?p=1972"},"modified":"2025-09-15T15:40:16","modified_gmt":"2025-09-15T18:40:16","slug":"el-rockconquista-2025-reafirma-a-reconquista-como-polo-turistico-y-cultural-del-norte-santafesino","status":"publish","type":"post","link":"https:\/\/multimediosantafe.com\/?p=1972","title":{"rendered":"El RockConquista 2025 reafirma a Reconquista como polo tur\u00edstico y cultural del norte santafesino"},"content":{"rendered":"\n<p class=\"wp-block-paragraph\">Con m\u00e1s de 5.500 asistentes y un fuerte impacto en la econom\u00eda local, el festival se consolida como un evento de referencia para la regi\u00f3n.<\/p>\n\n\n\n<!--more-->\n\n\n\n<p class=\"wp-block-paragraph\">La Municipalidad de Reconquista inform\u00f3 que el festival <strong>RockConquista 2025<\/strong>, realizado el pasado s\u00e1bado 13 de septiembre en la Sociedad Rural, dej\u00f3 un balance altamente positivo tanto en lo cultural como en lo econ\u00f3mico y tur\u00edstico.<\/p>\n\n\n\n<p class=\"wp-block-paragraph\">El relevamiento de la Direcci\u00f3n de Turismo Municipal indic\u00f3 que el evento reuni\u00f3 a unas 5.500 personas, con una concurrencia equilibrada entre vecinos de la ciudad y visitantes de distintas localidades de la regi\u00f3n. Se destac\u00f3 la llegada de contingentes desde Resistencia y Corrientes, con diez colectivos especialmente contratados.<\/p>\n\n\n\n<p class=\"wp-block-paragraph\">El impacto econ\u00f3mico fue significativo: la ocupaci\u00f3n hotelera alcanz\u00f3 un 80%, los aparts un 65% y los locales gastron\u00f3micos facturaron alrededor de <strong>75 millones de pesos<\/strong>. Adem\u00e1s, unas 250 personas integraron la producci\u00f3n, staff, bandas y colaboradores.<\/p>\n\n\n\n<p class=\"wp-block-paragraph\">El perfil de p\u00fablico mostr\u00f3 una amplia convocatoria generacional: el 40% ten\u00eda entre 25 y 35 a\u00f1os, el 30% entre 36 y 45, un 10% superaba los 45 y otro 10% correspond\u00eda a menores de 25.<\/p>\n\n\n\n<p class=\"wp-block-paragraph\">La Municipalidad resalt\u00f3 que estos resultados consolidan al festival como uno de los eventos culturales m\u00e1s relevantes del norte santafesino, posicionando a Reconquista como un polo tur\u00edstico y cultural en crecimiento.<\/p>\n\n\n\n<p class=\"wp-block-paragraph\"><strong> Redacci\u00f3n Multimedios Santa Fe<\/strong><\/p>\n","protected":false},"excerpt":{"rendered":"<p>Con m\u00e1s de 5.500 asistentes y un fuerte impacto en la econom\u00eda local, el festival se consolida como un evento<\/p>\n","protected":false},"author":1,"featured_media":1973,"comment_status":"open","ping_status":"open","sticky":false,"template":"","format":"standard","meta":{"colormag_page_layout":"default_layout","footnotes":"","jetpack_publicize_message":"","jetpack_publicize_feature_enabled":true,"jetpack_social_post_already_shared":true,"jetpack_social_options":{"image_generator_settings":{"template":"highway","default_image_id":0,"font":"","enabled":false},"version":2}},"categories":[1],"tags":[],"class_list":["post-1972","post","type-post","status-publish","format-standard","has-post-thumbnail","hentry","category-noticias-reginales"],"magazineBlocksPostFeaturedMedia":{"thumbnail":"https:\/\/multimediosantafe.com\/wp-content\/uploads\/2025\/09\/imagen_128mb_rockconquista-150x150.jpg","medium":"https:\/\/multimediosantafe.com\/wp-content\/uploads\/2025\/09\/imagen_128mb_rockconquista-300x169.jpg","medium_large":"https:\/\/multimediosantafe.com\/wp-content\/uploads\/2025\/09\/imagen_128mb_rockconquista-768x432.jpg","large":"https:\/\/multimediosantafe.com\/wp-content\/uploads\/2025\/09\/imagen_128mb_rockconquista-1024x576.jpg","1536x1536":"https:\/\/multimediosantafe.com\/wp-content\/uploads\/2025\/09\/imagen_128mb_rockconquista.jpg","2048x2048":"https:\/\/multimediosantafe.com\/wp-content\/uploads\/2025\/09\/imagen_128mb_rockconquista.jpg","colormag-highlighted-post":"https:\/\/multimediosantafe.com\/wp-content\/uploads\/2025\/09\/imagen_128mb_rockconquista-392x272.jpg","colormag-featured-post-medium":"https:\/\/multimediosantafe.com\/wp-content\/uploads\/2025\/09\/imagen_128mb_rockconquista-390x205.jpg","colormag-featured-post-small":"https:\/\/multimediosantafe.com\/wp-content\/uploads\/2025\/09\/imagen_128mb_rockconquista-130x90.jpg","colormag-featured-image":"https:\/\/multimediosantafe.com\/wp-content\/uploads\/2025\/09\/imagen_128mb_rockconquista-800x445.jpg","colormag-default-news":"https:\/\/multimediosantafe.com\/wp-content\/uploads\/2025\/09\/imagen_128mb_rockconquista-150x150.jpg","colormag-featured-image-large":"https:\/\/multimediosantafe.com\/wp-content\/uploads\/2025\/09\/imagen_128mb_rockconquista-1400x600.jpg"},"magazineBlocksPostAuthor":{"name":"c2361096","avatar":"https:\/\/secure.gravatar.com\/avatar\/c9b69b8d46048ffabc7126f156fc23808d4ba33db83f5770727932885f259164?s=96&d=mm&r=g"},"magazineBlocksPostCommentsNumber":"0","magazineBlocksPostExcerpt":"Con m\u00e1s de 5.500 asistentes y un fuerte impacto en la econom\u00eda local, el festival se consolida como un evento","magazineBlocksPostCategories":["Noticias Regionales"],"magazineBlocksPostViewCount":114,"magazineBlocksPostReadTime":2,"magazine_blocks_featured_image_url":{"full":["https:\/\/multimediosantafe.com\/wp-content\/uploads\/2025\/09\/imagen_128mb_rockconquista.jpg",1536,864,false],"medium":["https:\/\/multimediosantafe.com\/wp-content\/uploads\/2025\/09\/imagen_128mb_rockconquista-300x169.jpg",300,169,true],"thumbnail":["https:\/\/multimediosantafe.com\/wp-content\/uploads\/2025\/09\/imagen_128mb_rockconquista-150x150.jpg",150,150,true]},"magazine_blocks_author":{"display_name":"c2361096","author_link":"https:\/\/multimediosantafe.com\/?author=1"},"magazine_blocks_comment":0,"magazine_blocks_author_image":"https:\/\/secure.gravatar.com\/avatar\/c9b69b8d46048ffabc7126f156fc23808d4ba33db83f5770727932885f259164?s=96&d=mm&r=g","magazine_blocks_category":"<a href=\"https:\/\/multimediosantafe.com\/?cat=1\" rel=\"category\">Noticias Regionales<\/a>","jetpack_publicize_connections":[],"_links":{"self":[{"href":"https:\/\/multimediosantafe.com\/index.php?rest_route=\/wp\/v2\/posts\/1972","targetHints":{"allow":["GET"]}}],"collection":[{"href":"https:\/\/multimediosantafe.com\/index.php?rest_route=\/wp\/v2\/posts"}],"about":[{"href":"https:\/\/multimediosantafe.com\/index.php?rest_route=\/wp\/v2\/types\/post"}],"author":[{"embeddable":true,"href":"https:\/\/multimediosantafe.com\/index.php?rest_route=\/wp\/v2\/users\/1"}],"replies":[{"embeddable":true,"href":"https:\/\/multimediosantafe.com\/index.php?rest_route=%2Fwp%2Fv2%2Fcomments&post=1972"}],"version-history":[{"count":1,"href":"https:\/\/multimediosantafe.com\/index.php?rest_route=\/wp\/v2\/posts\/1972\/revisions"}],"predecessor-version":[{"id":1974,"href":"https:\/\/multimediosantafe.com\/index.php?rest_route=\/wp\/v2\/posts\/1972\/revisions\/1974"}],"wp:featuredmedia":[{"embeddable":true,"href":"https:\/\/multimediosantafe.com\/index.php?rest_route=\/wp\/v2\/media\/1973"}],"wp:attachment":[{"href":"https:\/\/multimediosantafe.com\/index.php?rest_route=%2Fwp%2Fv2%2Fmedia&parent=1972"}],"wp:term":[{"taxonomy":"category","embeddable":true,"href":"https:\/\/multimediosantafe.com\/index.php?rest_route=%2Fwp%2Fv2%2Fcategories&post=1972"},{"taxonomy":"post_tag","embeddable":true,"href":"https:\/\/multimediosantafe.com\/index.php?rest_route=%2Fwp%2Fv2%2Ftags&post=1972"}],"curies":[{"name":"wp","href":"https:\/\/api.w.org\/{rel}","templated":true}]}}