{"id":1968,"date":"2025-09-15T15:32:23","date_gmt":"2025-09-15T18:32:23","guid":{"rendered":"https:\/\/multimediosantafe.com\/?p=1968"},"modified":"2025-09-15T15:32:25","modified_gmt":"2025-09-15T18:32:25","slug":"santa-fe-impulsa-la-produccion-de-nuez-pecan-con-la-primera-mesa-provincial-del-sector","status":"publish","type":"post","link":"https:\/\/multimediosantafe.com\/?p=1968","title":{"rendered":"Santa Fe impulsa la producci\u00f3n de nuez pec\u00e1n con la primera Mesa Provincial del sector"},"content":{"rendered":"\n<p class=\"wp-block-paragraph\">Con la participaci\u00f3n de m\u00e1s de 40 productores, el Gobierno santafesino busca consolidar el cultivo de pec\u00e1n, potenciar las exportaciones y generar empleo en la provincia.<\/p>\n\n\n\n<!--more-->\n\n\n\n<figure class=\"wp-block-image size-full is-resized\"><img loading=\"lazy\" decoding=\"async\" width=\"89\" height=\"21\" src=\"https:\/\/multimediosantafe.com\/wp-content\/uploads\/2025\/09\/image-2.png\" alt=\"\" class=\"wp-image-1969\" style=\"width:110px;height:auto\"\/><\/figure>\n\n\n\n<p class=\"wp-block-paragraph\">El Ministerio de Desarrollo Productivo de Santa Fe, a cargo de Gustavo Puccini, lanz\u00f3 la primera Mesa Provincial de Nuez Pec\u00e1n. El espacio re\u00fane a productores, universidades, centros de investigaci\u00f3n y c\u00e1maras empresarias para fortalecer un cultivo que ya cuenta con 600 hect\u00e1reas implantadas en el territorio provincial.<\/p>\n\n\n\n<p class=\"wp-block-paragraph\">La mesa trabajar\u00e1 en el mapeo de zonas aptas, capacitaci\u00f3n de peque\u00f1os agricultores y simplificaci\u00f3n de tr\u00e1mites, adem\u00e1s de impulsar herramientas de exportaci\u00f3n como el programa <strong>Exporta Simple<\/strong>, operativo en los aeropuertos de Rosario y Sauce Viejo.<\/p>\n\n\n\n<p class=\"wp-block-paragraph\">Actualmente, la provincia dispone de una planta de industrializaci\u00f3n en Arocena que opera al 40 % de su capacidad, con orientaci\u00f3n exportadora y potencial para expandirse. \u201cLa diversificaci\u00f3n productiva es clave: el pec\u00e1n puede abrir nuevos mercados internacionales para Santa Fe\u201d, se\u00f1al\u00f3 Puccini, quien remarc\u00f3 la necesidad de atraer compradores y generar divisas a partir del interior productivo.<\/p>\n\n\n\n<p class=\"wp-block-paragraph\">El encuentro, realizado en Arocena y encabezado por Dieter Von Pannwitz, director de Desarrollo Territorial Agropecuario, reuni\u00f3 a productores, representantes del CFI, INTA, la UNL y el cl\u00faster nacional de nuez pec\u00e1n.<\/p>\n\n\n\n<p class=\"wp-block-paragraph\"><strong>Por Mart\u00edn R\u00edos \u2013 Redacci\u00f3n Multimedios Santa Fe<\/strong><\/p>\n","protected":false},"excerpt":{"rendered":"<p>Con la participaci\u00f3n de m\u00e1s de 40 productores, el Gobierno santafesino busca consolidar el cultivo de pec\u00e1n, potenciar las exportaciones<\/p>\n","protected":false},"author":1,"featured_media":1970,"comment_status":"open","ping_status":"open","sticky":false,"template":"","format":"standard","meta":{"colormag_page_layout":"default_layout","footnotes":"","jetpack_publicize_message":"","jetpack_publicize_feature_enabled":true,"jetpack_social_post_already_shared":true,"jetpack_social_options":{"image_generator_settings":{"template":"highway","default_image_id":0,"font":"","enabled":false},"version":2}},"categories":[6,17,8],"tags":[],"class_list":["post-1968","post","type-post","status-publish","format-standard","has-post-thumbnail","hentry","category-destacadas","category-economia","category-principales"],"magazineBlocksPostFeaturedMedia":{"thumbnail":"https:\/\/multimediosantafe.com\/wp-content\/uploads\/2025\/09\/imagen_128mb-150x150.jpg","medium":"https:\/\/multimediosantafe.com\/wp-content\/uploads\/2025\/09\/imagen_128mb-300x168.jpg","medium_large":"https:\/\/multimediosantafe.com\/wp-content\/uploads\/2025\/09\/imagen_128mb-768x431.jpg","large":"https:\/\/multimediosantafe.com\/wp-content\/uploads\/2025\/09\/imagen_128mb-1024x575.jpg","1536x1536":"https:\/\/multimediosantafe.com\/wp-content\/uploads\/2025\/09\/imagen_128mb.jpg","2048x2048":"https:\/\/multimediosantafe.com\/wp-content\/uploads\/2025\/09\/imagen_128mb.jpg","colormag-highlighted-post":"https:\/\/multimediosantafe.com\/wp-content\/uploads\/2025\/09\/imagen_128mb-392x272.jpg","colormag-featured-post-medium":"https:\/\/multimediosantafe.com\/wp-content\/uploads\/2025\/09\/imagen_128mb-390x205.jpg","colormag-featured-post-small":"https:\/\/multimediosantafe.com\/wp-content\/uploads\/2025\/09\/imagen_128mb-130x90.jpg","colormag-featured-image":"https:\/\/multimediosantafe.com\/wp-content\/uploads\/2025\/09\/imagen_128mb-800x445.jpg","colormag-default-news":"https:\/\/multimediosantafe.com\/wp-content\/uploads\/2025\/09\/imagen_128mb-150x150.jpg","colormag-featured-image-large":"https:\/\/multimediosantafe.com\/wp-content\/uploads\/2025\/09\/imagen_128mb-1140x600.jpg"},"magazineBlocksPostAuthor":{"name":"c2361096","avatar":"https:\/\/secure.gravatar.com\/avatar\/c9b69b8d46048ffabc7126f156fc23808d4ba33db83f5770727932885f259164?s=96&d=mm&r=g"},"magazineBlocksPostCommentsNumber":"0","magazineBlocksPostExcerpt":"Con la participaci\u00f3n de m\u00e1s de 40 productores, el Gobierno santafesino busca consolidar el cultivo de pec\u00e1n, potenciar las exportaciones","magazineBlocksPostCategories":["Destacadas","Econom\u00eda","Principales"],"magazineBlocksPostViewCount":80,"magazineBlocksPostReadTime":2,"magazine_blocks_featured_image_url":{"full":["https:\/\/multimediosantafe.com\/wp-content\/uploads\/2025\/09\/imagen_128mb.jpg",1140,640,false],"medium":["https:\/\/multimediosantafe.com\/wp-content\/uploads\/2025\/09\/imagen_128mb-300x168.jpg",300,168,true],"thumbnail":["https:\/\/multimediosantafe.com\/wp-content\/uploads\/2025\/09\/imagen_128mb-150x150.jpg",150,150,true]},"magazine_blocks_author":{"display_name":"c2361096","author_link":"https:\/\/multimediosantafe.com\/?author=1"},"magazine_blocks_comment":0,"magazine_blocks_author_image":"https:\/\/secure.gravatar.com\/avatar\/c9b69b8d46048ffabc7126f156fc23808d4ba33db83f5770727932885f259164?s=96&d=mm&r=g","magazine_blocks_category":"<a href=\"https:\/\/multimediosantafe.com\/?cat=6\" rel=\"category\">Destacadas<\/a> <a href=\"https:\/\/multimediosantafe.com\/?cat=17\" rel=\"category\">Econom\u00eda<\/a> <a href=\"https:\/\/multimediosantafe.com\/?cat=8\" rel=\"category\">Principales<\/a>","jetpack_publicize_connections":[],"_links":{"self":[{"href":"https:\/\/multimediosantafe.com\/index.php?rest_route=\/wp\/v2\/posts\/1968","targetHints":{"allow":["GET"]}}],"collection":[{"href":"https:\/\/multimediosantafe.com\/index.php?rest_route=\/wp\/v2\/posts"}],"about":[{"href":"https:\/\/multimediosantafe.com\/index.php?rest_route=\/wp\/v2\/types\/post"}],"author":[{"embeddable":true,"href":"https:\/\/multimediosantafe.com\/index.php?rest_route=\/wp\/v2\/users\/1"}],"replies":[{"embeddable":true,"href":"https:\/\/multimediosantafe.com\/index.php?rest_route=%2Fwp%2Fv2%2Fcomments&post=1968"}],"version-history":[{"count":1,"href":"https:\/\/multimediosantafe.com\/index.php?rest_route=\/wp\/v2\/posts\/1968\/revisions"}],"predecessor-version":[{"id":1971,"href":"https:\/\/multimediosantafe.com\/index.php?rest_route=\/wp\/v2\/posts\/1968\/revisions\/1971"}],"wp:featuredmedia":[{"embeddable":true,"href":"https:\/\/multimediosantafe.com\/index.php?rest_route=\/wp\/v2\/media\/1970"}],"wp:attachment":[{"href":"https:\/\/multimediosantafe.com\/index.php?rest_route=%2Fwp%2Fv2%2Fmedia&parent=1968"}],"wp:term":[{"taxonomy":"category","embeddable":true,"href":"https:\/\/multimediosantafe.com\/index.php?rest_route=%2Fwp%2Fv2%2Fcategories&post=1968"},{"taxonomy":"post_tag","embeddable":true,"href":"https:\/\/multimediosantafe.com\/index.php?rest_route=%2Fwp%2Fv2%2Ftags&post=1968"}],"curies":[{"name":"wp","href":"https:\/\/api.w.org\/{rel}","templated":true}]}}